{"id":1005,"date":"2023-07-12T21:18:04","date_gmt":"2023-07-12T21:18:04","guid":{"rendered":"https:\/\/fwherold.de\/?p=1005"},"modified":"2023-07-12T21:18:04","modified_gmt":"2023-07-12T21:18:04","slug":"vision-neuburg-altstadt-im-wandel","status":"publish","type":"post","link":"https:\/\/fwherold.de\/?p=1005","title":{"rendered":"\u201eVision Neuburg: Altstadt im Wandel\u201c"},"content":{"rendered":"\n<p>Hallo Neuburg,<\/p>\n\n\n\n<p>wir laden Sie ein, mit uns \u00fcber Themen der Stadtentwicklung zu sprechen.<\/p>\n\n\n\n<p>Am 27.07.2023 ab 19.00 Uhr bis 22.00 Uhr im Pfafflinger. Eine Anmeldung ist gew\u00fcnscht unter: <a href=\"mailto:veranstaltung@fw-neuburg.de\" target=\"_blank\" rel=\"noreferrer noopener\">veranstaltung@fw-neuburg.de<\/a><\/p>\n\n\n\n<p>Unser Programm f\u00fcr den Abend:<\/p>\n\n\n\n<p>1. Begr\u00fc\u00dfung<\/p>\n\n\n\n<p>19:00 bis 19:10 Uhr<\/p>\n\n\n\n<p><strong>2. Wie gestalten wir Logistik \u201elokal und nachhaltig\u201c?<\/strong><\/p>\n\n\n\n<p>19:10 bis 20:00 Uhr<\/p>\n\n\n\n<p>Als Referenten f\u00fcr eine direkte L\u00f6sung, freuen wir uns \u00fcber Felix Dossmann (Gesch\u00e4ftsf\u00fchrer Gr\u00fcnfuchs). Er pr\u00e4sentiert ein neu gedachtes Logistikkonzept f\u00fcr die St\u00e4rkung des Handels&nbsp; mit der Anbindung aller Postversender, der m\u00f6glichen Anbindung lokaler Versandstrukturen wie Apotheken etc., und mit einer deutlichen Reduzierung von Emissionen.<\/p>\n\n\n\n<p>Im Anschluss gibt es Raum f\u00fcr eine kurze Fragerunde.<\/p>\n\n\n\n<p><strong>3. Entwicklung der unteren Altstadt<\/strong><\/p>\n\n\n\n<p>20:00 bis 21:00 Uhr<\/p>\n\n\n\n<p>Wir sprechen \u00fcber die Ergebnisse der Neuburger Zukunftswerkstadt, mit den Schwerpunkten zur Entwicklung der unteren Altstadt:<\/p>\n\n\n\n<p>\u2022&nbsp;&nbsp;&nbsp;&nbsp;&nbsp;&nbsp;&nbsp;&nbsp; Wie geht\u2019s weiter am Schrannenplatz?<\/p>\n\n\n\n<p>\u2022&nbsp;&nbsp;&nbsp;&nbsp;&nbsp;&nbsp;&nbsp;&nbsp; Die Anbindung unserer Donau<\/p>\n\n\n\n<p>\u2022&nbsp;&nbsp;&nbsp;&nbsp;&nbsp;&nbsp;&nbsp;&nbsp; Was tun wir gegen den Trend des steigenden Leerstands?<\/p>\n\n\n\n<p>Die Ergebnisse der Neuburger Zukunftswerkstadt sind bei der Stadt Neuburg einzusehen.<\/p>\n\n\n\n<p>Dazu h\u00e4lt B\u00fcrgermeister Dr. Johann Habermeyer einen Impulsvortrag zur Entwicklung unserer Stadt und geht auf die Innovationen der Zukunftswerkstadt ein und wie es dazu kam.<\/p>\n\n\n\n<p>Florian Herold spricht \u00fcber den Bereich Leerstandsmanagment und stellt eine L\u00f6sung vor, wie wir dieser Frage neu begegnen k\u00f6nnen.<\/p>\n\n\n\n<p>Im Anschluss suchen wir das Gespr\u00e4ch mit allen Anwesenden.<\/p>\n\n\n\n<p>4. Offenes moderiertes Gespr\u00e4ch zu den Vortr\u00e4gen<\/p>\n\n\n\n<p>21:00 bis 21:30 Uhr<\/p>\n\n\n\n<p>Ende des moderierten Teils, freies Gespr\u00e4ch mit den Referierenden an den Tischen<\/p>\n\n\n\n<p>21:30&nbsp;bis&nbsp;22:00&nbsp;Uhr<\/p>\n\n\n\n<p>Ende der Veranstalltung<\/p>\n\n\n\n<p>Mit freundlichen Gr\u00fc\u00dfen,<\/p>\n\n\n\n<p>Florian Herold<\/p>\n","protected":false},"excerpt":{"rendered":"<p>Hallo Neuburg, wir laden Sie ein, mit uns \u00fcber Themen der Stadtentwicklung zu sprechen. Am 27.07.2023 ab 19.00 Uhr bis 22.00 Uhr im Pfafflinger. Eine Anmeldung ist gew\u00fcnscht unter: veranstaltung@fw-neuburg.de Unser Programm f\u00fcr den Abend: 1. Begr\u00fc\u00dfung 19:00 bis 19:10 Uhr 2. Wie gestalten wir Logistik \u201elokal und nachhaltig\u201c? 19:10 bis 20:00 Uhr Als Referenten &hellip; <\/p>\n<p class=\"link-more\"><a href=\"https:\/\/fwherold.de\/?p=1005\" class=\"more-link\"><span class=\"screen-reader-text\">\u201e\u201eVision Neuburg: Altstadt im Wandel\u201c\u201c <\/span>weiterlesen<\/a><\/p>\n","protected":false},"author":1,"featured_media":1006,"comment_status":"closed","ping_status":"closed","sticky":false,"template":"","format":"standard","meta":{"footnotes":""},"categories":[15],"tags":[],"class_list":["post-1005","post","type-post","status-publish","format-standard","has-post-thumbnail","hentry","category-lebendiges-stadtzentrum"],"_links":{"self":[{"href":"https:\/\/fwherold.de\/index.php?rest_route=\/wp\/v2\/posts\/1005","targetHints":{"allow":["GET"]}}],"collection":[{"href":"https:\/\/fwherold.de\/index.php?rest_route=\/wp\/v2\/posts"}],"about":[{"href":"https:\/\/fwherold.de\/index.php?rest_route=\/wp\/v2\/types\/post"}],"author":[{"embeddable":true,"href":"https:\/\/fwherold.de\/index.php?rest_route=\/wp\/v2\/users\/1"}],"replies":[{"embeddable":true,"href":"https:\/\/fwherold.de\/index.php?rest_route=%2Fwp%2Fv2%2Fcomments&post=1005"}],"version-history":[{"count":1,"href":"https:\/\/fwherold.de\/index.php?rest_route=\/wp\/v2\/posts\/1005\/revisions"}],"predecessor-version":[{"id":1008,"href":"https:\/\/fwherold.de\/index.php?rest_route=\/wp\/v2\/posts\/1005\/revisions\/1008"}],"wp:featuredmedia":[{"embeddable":true,"href":"https:\/\/fwherold.de\/index.php?rest_route=\/wp\/v2\/media\/1006"}],"wp:attachment":[{"href":"https:\/\/fwherold.de\/index.php?rest_route=%2Fwp%2Fv2%2Fmedia&parent=1005"}],"wp:term":[{"taxonomy":"category","embeddable":true,"href":"https:\/\/fwherold.de\/index.php?rest_route=%2Fwp%2Fv2%2Fcategories&post=1005"},{"taxonomy":"post_tag","embeddable":true,"href":"https:\/\/fwherold.de\/index.php?rest_route=%2Fwp%2Fv2%2Ftags&post=1005"}],"curies":[{"name":"wp","href":"https:\/\/api.w.org\/{rel}","templated":true}]}}