{"id":1010,"date":"2023-07-14T17:37:10","date_gmt":"2023-07-14T17:37:10","guid":{"rendered":"https:\/\/fwherold.de\/?p=1010"},"modified":"2023-07-27T10:32:12","modified_gmt":"2023-07-27T10:32:12","slug":"neuburg-spricht-direkt-mit-horst-winter","status":"publish","type":"post","link":"https:\/\/fwherold.de\/?p=1010","title":{"rendered":"\u201eNEUBURG SPRICHT DIREKT\u201c mit Horst Winter"},"content":{"rendered":"\n<figure class=\"wp-block-embed is-type-video is-provider-youtube wp-block-embed-youtube wp-embed-aspect-16-9 wp-has-aspect-ratio\"><div class=\"wp-block-embed__wrapper\">\n<iframe loading=\"lazy\" title=\"\u201eNEUBURG SPRICHT DIREKT\u201c mit Horst Winter\" width=\"525\" height=\"295\" src=\"https:\/\/www.youtube.com\/embed\/ivKhpY6muYI?feature=oembed\" frameborder=\"0\" allow=\"accelerometer; autoplay; clipboard-write; encrypted-media; gyroscope; picture-in-picture; web-share\" referrerpolicy=\"strict-origin-when-cross-origin\" allowfullscreen><\/iframe>\n<\/div><\/figure>\n\n\n\n<p>Ein Gast, eine Stunde Talk<\/p>\n\n\n\n<p>Als ersten Gast freue ich mich sehr auf Horst Winter!<\/p>\n\n\n\n<p>Die ersten 30 Minuten sprechen \u00fcber seine Lebendige Geschichte in Neuburg, seine Familie, seine Lebensgeschichte, als Stadtrat, Mann des sozialen Ehrenamtes, als aktiven in der Gemeinde und viel mehr.<\/p>\n\n\n\n<p>Die zweite h\u00e4lfte der Stunde gehen wir auf aktuelle Themen ein. Als aktiver im B\u00fcndnis Auwald statt Asphalt wird die Umgehung sicher Teil unseres Gespr\u00e4chs sein.<\/p>\n\n\n\n<p>Wann?<\/p>\n\n\n\n<p>Am Freitag, den 21.07.2023 von 15:00 Uhr bis ca. 16:00 Uhr<\/p>\n\n\n\n<p>Wo &amp; Wie?<\/p>\n\n\n\n<p>Die Veranstaltung findet online auf der Facebook Seite &#8222;wir sind Neuburg&#8220; statt und ist im Nachgang online einsehbar unter anderen auf <a href=\"http:\/\/www.fwherold.de\">www.fwherold.de<\/a><\/p>\n\n\n\n<p>Als Begleiter f\u00fcr die Onlinestimmen, unserer Zuschauenden, freue ich mich auf Christopher Sch\u00e4gger.<\/p>\n\n\n\n<p>Lieben Gru\u00df,<\/p>\n\n\n\n<p>Florian Herold<\/p>\n","protected":false},"excerpt":{"rendered":"<p>Ein Gast, eine Stunde Talk Als ersten Gast freue ich mich sehr auf Horst Winter! Die ersten 30 Minuten sprechen \u00fcber seine Lebendige Geschichte in Neuburg, seine Familie, seine Lebensgeschichte, als Stadtrat, Mann des sozialen Ehrenamtes, als aktiven in der Gemeinde und viel mehr. Die zweite h\u00e4lfte der Stunde gehen wir auf aktuelle Themen ein. &hellip; <\/p>\n<p class=\"link-more\"><a href=\"https:\/\/fwherold.de\/?p=1010\" class=\"more-link\"><span class=\"screen-reader-text\">\u201e\u201eNEUBURG SPRICHT DIREKT\u201c mit Horst Winter\u201c <\/span>weiterlesen<\/a><\/p>\n","protected":false},"author":1,"featured_media":1011,"comment_status":"closed","ping_status":"closed","sticky":false,"template":"","format":"standard","meta":{"footnotes":""},"categories":[12],"tags":[],"class_list":["post-1010","post","type-post","status-publish","format-standard","has-post-thumbnail","hentry","category-neuburg-spricht"],"_links":{"self":[{"href":"https:\/\/fwherold.de\/index.php?rest_route=\/wp\/v2\/posts\/1010","targetHints":{"allow":["GET"]}}],"collection":[{"href":"https:\/\/fwherold.de\/index.php?rest_route=\/wp\/v2\/posts"}],"about":[{"href":"https:\/\/fwherold.de\/index.php?rest_route=\/wp\/v2\/types\/post"}],"author":[{"embeddable":true,"href":"https:\/\/fwherold.de\/index.php?rest_route=\/wp\/v2\/users\/1"}],"replies":[{"embeddable":true,"href":"https:\/\/fwherold.de\/index.php?rest_route=%2Fwp%2Fv2%2Fcomments&post=1010"}],"version-history":[{"count":5,"href":"https:\/\/fwherold.de\/index.php?rest_route=\/wp\/v2\/posts\/1010\/revisions"}],"predecessor-version":[{"id":1020,"href":"https:\/\/fwherold.de\/index.php?rest_route=\/wp\/v2\/posts\/1010\/revisions\/1020"}],"wp:featuredmedia":[{"embeddable":true,"href":"https:\/\/fwherold.de\/index.php?rest_route=\/wp\/v2\/media\/1011"}],"wp:attachment":[{"href":"https:\/\/fwherold.de\/index.php?rest_route=%2Fwp%2Fv2%2Fmedia&parent=1010"}],"wp:term":[{"taxonomy":"category","embeddable":true,"href":"https:\/\/fwherold.de\/index.php?rest_route=%2Fwp%2Fv2%2Fcategories&post=1010"},{"taxonomy":"post_tag","embeddable":true,"href":"https:\/\/fwherold.de\/index.php?rest_route=%2Fwp%2Fv2%2Ftags&post=1010"}],"curies":[{"name":"wp","href":"https:\/\/api.w.org\/{rel}","templated":true}]}}