{"id":1200,"date":"2025-01-10T15:43:25","date_gmt":"2025-01-10T15:43:25","guid":{"rendered":"https:\/\/fwherold.de\/?p=1200"},"modified":"2025-01-10T16:48:13","modified_gmt":"2025-01-10T16:48:13","slug":"2025","status":"publish","type":"post","link":"https:\/\/fwherold.de\/?p=1200","title":{"rendered":"Multikulti  \u2013 Ich muss die Segel streichen\u2026"},"content":{"rendered":"\n<p>(das Bild ist KI generiert und rein fiktiv)<\/p>\n\n\n\n<p>Ich wollte unbedingt ein Multikulti-Fest 2025 m\u00f6glich machen. Bis zuletzt habe ich gehofft, dass es eine L\u00f6sung gibt. Doch leider muss ich die Segel streichen \u2013 es wird nicht stattfinden. Der Grund: Die umfassenden Bauma\u00dfnahmen am Volksfestplatz machen eine Durchf\u00fchrung unm\u00f6glich.<\/p>\n\n\n\n<p>So sehr mich das auch entt\u00e4uscht, weil ich fest daran glaube, dass dieses Fest ein wichtiges Zeichen f\u00fcr Vielfalt, Offenheit und Begegnung in unserer Stadt setzt, so sehr sehe ich auch, dass die Aufwertung des Volksfestplatzes dringend notwendig ist. Die Ma\u00dfnahmen werden die Aufenthaltsqualit\u00e4t erheblich verbessern und diesen zentralen Platz zukunftsf\u00e4hig machen.<\/p>\n\n\n\n<p>Damit Neuburg trotzdem genug Platz f\u00fcr Veranstaltungen und Parkm\u00f6glichkeiten beh\u00e4lt, setzen wir Freien W\u00e4hler uns bei den finalen Haushaltsberatungen daf\u00fcr ein, dass der Parkplatz an der Schl\u00f6sslwiese erweitert wird. Fu\u00dfend auf einem einstimmigen Stadtratsbeschluss wird es Zeit, dass wir endlich aktiv werden.<\/p>\n\n\n\n<p>Um die Stadt zu entwickeln und neu zu denken, brauchen wir Bereiche, die auch bei Veranstaltungen gro\u00dfe Volumina an PKWs aufnehmen k\u00f6nnen, ohne den Parkdruck in der Stadt weiter zu erh\u00f6hen.<\/p>\n\n\n\n<p>Im Hinblick auf Resilienz und die Herausforderungen der Versiegelung (Schwammstadt) sollte die Erweiterung unter diesen Gesichtspunkten geplant werden.<\/p>\n\n\n\n<p>Wir brauchen solche L\u00f6sungen auf beiden Seiten der Donau! Neuburg w\u00e4chst, Entwicklungen im Zentrum brauchen Fakten, und die Infrastruktur muss mitziehen. Daf\u00fcr machen wir uns stark!<\/p>\n\n\n\n<p>Trotz allem bleibt meine \u00dcberzeugung: Das Multikulti-Fest muss 2026 wieder seinen Platz in Neuburg finden. Ich gebe nicht auf \u2013 nur f\u00fcr 2025 muss ich mich leider geschlagen geben.<\/p>\n\n\n\n<p>Wie seht ihr das? Fehlt euch das Multikulti-Fest?<\/p>\n\n\n\n<p>Mit meinen Gedanken zu alternativen Veranstaltungsorten bin ich leider gescheitert. Es liegt nicht nur am Ort, sondern auch an der Manpower. Aber wir d\u00fcrfen uns alle auf den neuen Bewegungspark im Schwalbanger freuen \u2013 und dort wird es eine Er\u00f6ffnungsfeier geben!<\/p>\n\n\n\n<p>Lieben Gru\u00df, Florian<\/p>\n","protected":false},"excerpt":{"rendered":"<p>(das Bild ist KI generiert und rein fiktiv) Ich wollte unbedingt ein Multikulti-Fest 2025 m\u00f6glich machen. Bis zuletzt habe ich gehofft, dass es eine L\u00f6sung gibt. Doch leider muss ich die Segel streichen \u2013 es wird nicht stattfinden. Der Grund: Die umfassenden Bauma\u00dfnahmen am Volksfestplatz machen eine Durchf\u00fchrung unm\u00f6glich. So sehr mich das auch entt\u00e4uscht, &hellip; <\/p>\n<p class=\"link-more\"><a href=\"https:\/\/fwherold.de\/?p=1200\" class=\"more-link\"><span class=\"screen-reader-text\">\u201eMultikulti  \u2013 Ich muss die Segel streichen\u2026\u201c <\/span>weiterlesen<\/a><\/p>\n","protected":false},"author":1,"featured_media":1201,"comment_status":"closed","ping_status":"closed","sticky":false,"template":"","format":"standard","meta":{"footnotes":""},"categories":[16,11],"tags":[],"class_list":["post-1200","post","type-post","status-publish","format-standard","has-post-thumbnail","hentry","category-stadt-neuburg","category-stadtrat"],"_links":{"self":[{"href":"https:\/\/fwherold.de\/index.php?rest_route=\/wp\/v2\/posts\/1200","targetHints":{"allow":["GET"]}}],"collection":[{"href":"https:\/\/fwherold.de\/index.php?rest_route=\/wp\/v2\/posts"}],"about":[{"href":"https:\/\/fwherold.de\/index.php?rest_route=\/wp\/v2\/types\/post"}],"author":[{"embeddable":true,"href":"https:\/\/fwherold.de\/index.php?rest_route=\/wp\/v2\/users\/1"}],"replies":[{"embeddable":true,"href":"https:\/\/fwherold.de\/index.php?rest_route=%2Fwp%2Fv2%2Fcomments&post=1200"}],"version-history":[{"count":5,"href":"https:\/\/fwherold.de\/index.php?rest_route=\/wp\/v2\/posts\/1200\/revisions"}],"predecessor-version":[{"id":1208,"href":"https:\/\/fwherold.de\/index.php?rest_route=\/wp\/v2\/posts\/1200\/revisions\/1208"}],"wp:featuredmedia":[{"embeddable":true,"href":"https:\/\/fwherold.de\/index.php?rest_route=\/wp\/v2\/media\/1201"}],"wp:attachment":[{"href":"https:\/\/fwherold.de\/index.php?rest_route=%2Fwp%2Fv2%2Fmedia&parent=1200"}],"wp:term":[{"taxonomy":"category","embeddable":true,"href":"https:\/\/fwherold.de\/index.php?rest_route=%2Fwp%2Fv2%2Fcategories&post=1200"},{"taxonomy":"post_tag","embeddable":true,"href":"https:\/\/fwherold.de\/index.php?rest_route=%2Fwp%2Fv2%2Ftags&post=1200"}],"curies":[{"name":"wp","href":"https:\/\/api.w.org\/{rel}","templated":true}]}}