{"id":195,"date":"2019-11-26T20:39:32","date_gmt":"2019-11-26T20:39:32","guid":{"rendered":"http:\/\/fwherold.de\/?p=195"},"modified":"2019-11-26T20:50:15","modified_gmt":"2019-11-26T20:50:15","slug":"aufstellung-der-kreisliste","status":"publish","type":"post","link":"https:\/\/fwherold.de\/?p=195","title":{"rendered":"Aufstellung der Kreisliste"},"content":{"rendered":"\n<p>Unsere Kreisliste in Neuburg-Schrobenhausen steht! <\/p>\n\n\n\n<p>Diesmal ohne Landratswahl, trotzdem wird es spannende. Als\nKreisvorsitzende waren Peter und ich betraut mit der Findung der Liste. Wir\nhaben 60 tolle Kandidaten!<\/p>\n\n\n\n<p>Ich bedanke mich bei allein Freien W\u00e4hlern f\u00fcr das Vertrauen\nmich, als Teil der Kreisliste, auf dem Platz 3, mitwirken zu lassen.<\/p>\n\n\n\n<p>Aus Neuburg ist mit bei der Stadtratsliste und der\nKreistagsliste, Sissy Schafferhans, Dr. Johann Habermeyer, Roland Harsch,\nBernhard Pfahler und Klaus Babel. Als Nachr\u00fccker freue ich mich \u00fcber die Unterst\u00fctzung\nvon Heidrun Weickum und Peter Wiedemann. <\/p>\n\n\n\n<p>Es w\u00e4re toll, wenn wir von Euch unterst\u00fctzt werden, damit viele Freie W\u00e4hler und Neuburger in den Kreistag ziehen d\u00fcrfen!<\/p>\n\n\n\n<p><a rel=\"noreferrer noopener\" aria-label=\"Beitrag aus dem Donaukurier (\u00f6ffnet in neuem Tab)\" href=\"https:\/\/www.donaukurier.de\/lokales\/neuburg\/Verjuengung-bei-den-Freien-Waehlern;art1763,4400397?utm_campaign=FacebookLokal&amp;utm_medium=facebook&amp;utm_source=dkn&amp;fbclid=IwAR1jf4t4sJ8WHk14o5LXZNOciqZ1LdloT3EW0B0c9PgzucMJE6oIBzf_QZQ\" target=\"_blank\">Beitrag aus dem Donaukurier<\/a><\/p>\n\n\n\n<figure class=\"wp-block-image\"><img loading=\"lazy\" decoding=\"async\" width=\"641\" height=\"410\" src=\"https:\/\/fwherold.de\/wp-content\/uploads\/2019\/11\/2019-Nom-KV-KVB-DK-Bericht.jpg\" alt=\"\" class=\"wp-image-201\"\/><figcaption> <a href=\"https:\/\/www.donaukurier.de\/lokales\/neuburg\/Verjuengung-bei-den-Freien-Waehlern;art1763,4400397?utm_campaign=FacebookLokal&amp;utm_medium=facebook&amp;utm_source=dkn&amp;fbclid=IwAR1jf4t4sJ8WHk14o5LXZNOciqZ1LdloT3EW0B0c9PgzucMJE6oIBzf_QZQ\" target=\"_blank\" rel=\"noreferrer noopener\" aria-label=\"\nBild aus dem Beitrag des Donaukuriers (\u00f6ffnet in neuem Tab)\"><br>Bild aus dem Beitrag des Donaukuriers<\/a><\/figcaption><\/figure>\n\n\n\n<p><\/p>\n\n\n\n<p><\/p>\n\n\n\n<p><a rel=\"noreferrer noopener\" aria-label=\"Beitrag in der Neuburger Rundschau (\u00f6ffnet in neuem Tab)\" href=\"https:\/\/www.augsburger-allgemeine.de\/neuburg\/Welche-Bewerber-die-Freien-Waehler-in-den-Kreistag-schicken-id56061366.html\" target=\"_blank\">Beitrag in der Neuburger Rundschau<\/a><\/p>\n\n\n\n<figure class=\"wp-block-image\"><img loading=\"lazy\" decoding=\"async\" width=\"945\" height=\"691\" src=\"https:\/\/fwherold.de\/wp-content\/uploads\/2019\/11\/2019-Nom-KV-KVB-NR-Bericht.jpg\" alt=\"\" class=\"wp-image-196\" srcset=\"https:\/\/fwherold.de\/wp-content\/uploads\/2019\/11\/2019-Nom-KV-KVB-NR-Bericht.jpg 945w, https:\/\/fwherold.de\/wp-content\/uploads\/2019\/11\/2019-Nom-KV-KVB-NR-Bericht-768x562.jpg 768w\" sizes=\"auto, (max-width: 767px) 89vw, (max-width: 1000px) 54vw, (max-width: 1071px) 543px, 580px\" \/><figcaption><a href=\"https:\/\/www.augsburger-allgemeine.de\/neuburg\/Welche-Bewerber-die-Freien-Waehler-in-den-Kreistag-schicken-id56061366.html\" target=\"_blank\" rel=\"noreferrer noopener\" aria-label=\"Bild aus dem Beitrag der Neuburger Rundschau (\u00f6ffnet in neuem Tab)\">Bild aus dem Beitrag der Neuburger Rundschau<\/a><\/figcaption><\/figure>\n","protected":false},"excerpt":{"rendered":"<p>Unsere Kreisliste in Neuburg-Schrobenhausen steht! Diesmal ohne Landratswahl, trotzdem wird es spannende. Als Kreisvorsitzende waren Peter und ich betraut mit der Findung der Liste. Wir haben 60 tolle Kandidaten! Ich bedanke mich bei allein Freien W\u00e4hlern f\u00fcr das Vertrauen mich, als Teil der Kreisliste, auf dem Platz 3, mitwirken zu lassen. Aus Neuburg ist mit &hellip; <\/p>\n<p class=\"link-more\"><a href=\"https:\/\/fwherold.de\/?p=195\" class=\"more-link\"><span class=\"screen-reader-text\">\u201eAufstellung der Kreisliste\u201c <\/span>weiterlesen<\/a><\/p>\n","protected":false},"author":1,"featured_media":0,"comment_status":"closed","ping_status":"closed","sticky":false,"template":"","format":"standard","meta":{"footnotes":""},"categories":[3,4],"tags":[],"class_list":["post-195","post","type-post","status-publish","format-standard","hentry","category-freie-waehler-neuburg","category-freie-waehler-neuburg-schrobenhausen"],"_links":{"self":[{"href":"https:\/\/fwherold.de\/index.php?rest_route=\/wp\/v2\/posts\/195","targetHints":{"allow":["GET"]}}],"collection":[{"href":"https:\/\/fwherold.de\/index.php?rest_route=\/wp\/v2\/posts"}],"about":[{"href":"https:\/\/fwherold.de\/index.php?rest_route=\/wp\/v2\/types\/post"}],"author":[{"embeddable":true,"href":"https:\/\/fwherold.de\/index.php?rest_route=\/wp\/v2\/users\/1"}],"replies":[{"embeddable":true,"href":"https:\/\/fwherold.de\/index.php?rest_route=%2Fwp%2Fv2%2Fcomments&post=195"}],"version-history":[{"count":5,"href":"https:\/\/fwherold.de\/index.php?rest_route=\/wp\/v2\/posts\/195\/revisions"}],"predecessor-version":[{"id":202,"href":"https:\/\/fwherold.de\/index.php?rest_route=\/wp\/v2\/posts\/195\/revisions\/202"}],"wp:attachment":[{"href":"https:\/\/fwherold.de\/index.php?rest_route=%2Fwp%2Fv2%2Fmedia&parent=195"}],"wp:term":[{"taxonomy":"category","embeddable":true,"href":"https:\/\/fwherold.de\/index.php?rest_route=%2Fwp%2Fv2%2Fcategories&post=195"},{"taxonomy":"post_tag","embeddable":true,"href":"https:\/\/fwherold.de\/index.php?rest_route=%2Fwp%2Fv2%2Ftags&post=195"}],"curies":[{"name":"wp","href":"https:\/\/api.w.org\/{rel}","templated":true}]}}