{"id":779,"date":"2021-11-19T19:10:12","date_gmt":"2021-11-19T19:10:12","guid":{"rendered":"http:\/\/fwherold.de\/?p=779"},"modified":"2021-11-19T19:10:13","modified_gmt":"2021-11-19T19:10:13","slug":"presse-mitteilung-zur-buergerbefragung","status":"publish","type":"post","link":"https:\/\/fwherold.de\/?p=779","title":{"rendered":"Presse-Mitteilung zur B\u00fcrgerbefragung"},"content":{"rendered":"\n<p>Wem geh\u00f6rt die Innenstadt? Das ist eine Frage, die sich pauschal nicht beantworten l\u00e4sst. F\u00fcr jeden Neuburger und auch Gast in unserer sch\u00f6nen Stadt bedeutet die Innenstadt etwas ganz Individuelles.<br>\nUnd so sind auch die Interessen, was mit unserer Innenstadt geschieht genauso unterschiedlich wie es Ihre Bewohner und Benutzer nur sein k\u00f6nnen. Umso wichtiger ist es, diese Interessen zu ber\u00fccksichtigen, wenn um es eine konkrete Fragestellung geht, wie soll die Innenstadt und ihre vier pr\u00e4gnanten Stra\u00dfenz\u00fcge F\u00e4rberstra\u00dfe, Schmidstra\u00dfe, Rosenstra\u00dfe zuk\u00fcnftig gestaltet werden. Wir vertreten die Meinung, die Innenstadt geht uns Neuburger alle an und es ist wichtig die unterschiedlichen Interessen zu sammeln, zu analysieren und zu verstehen. <\/p>\n\n\n\n<p>In diesem Prozess soll \u00fcber keinen Kopf weg entschieden werden, allerdings liegt unserer Meinung nach die Gestaltungshoheit unserer Innenstadt nicht nur bei den direkten Anwohnern und Gewerbetreibenden, sondern ist von allgemeinb\u00fcrgerlichem Interesse. Und genau in diesem Interesse begr\u00fc\u00dfen wir als Freie W\u00e4hler die durchgef\u00fchrte B\u00fcrgerbefragung im Rahmen der Veranstaltung \u201eNeuburg leuchtet\u201c. <\/p>\n\n\n\n<p>Wir wollen den Wandel der Innenstadt unterst\u00fctzen. Eine Mehrzahl der Befragten hat sich f\u00fcr eine dauerhafte Verkehrsberuhigung ausgesprochen, vor allem zu Sto\u00dfzeiten wie zum Beispiel Samstag vormittags, z.B. w\u00e4hrend des Wochenmarktes w\u00fcrden wir eine rasche Umsetzung bef\u00fcrworten.<\/p>\n\n\n\n<p>Zus\u00e4tzlich schafft die Reduzierung vereinzelter Parkpl\u00e4tze Raum f\u00fcr alternative Aufenthaltsm\u00f6glichkeiten und kann einen wichtigen Beitrag zur Steigerung der vielfach gew\u00fcnschten Aufenthaltsqualit\u00e4t beitragen. Wir denken, es ist der richtige Weg, durch die vertretbare Reduzierung von direkten Parkm\u00f6glichkeiten in den Innenstadtstra\u00dfen Raum f\u00fcr Fu\u00dfg\u00e4nger, Au\u00dfengastronomie und Aufenthaltsqualit\u00e4t zu schaffen. Dies mag sich sicherlich nicht mit jedem individuellen Interesse vollst\u00e4ndig decken, doch die Alternative, die Innenstadt in ihrer bisherigen Struktur beizubehalten und einfach weiter so zu machen, wird sich langfristig nicht auszahlen. <\/p>\n\n\n\n<p>Um unsere Innenstadt zukunftssicher und resilient zu machen und f\u00fcr die B\u00fcrger, f\u00fcr Besucher und Einkaufende noch attraktiver werden zu lassen, m\u00fcssen wir uns jetzt bewegen. Und es gilt vor allem auch, gegen\u00fcber dem st\u00e4ndig wachsenden online-Handel und den Einkaufszentren auf der gr\u00fcnen Wiese einen attraktiven Gegenentwurf zu machen. Flexible Nutzungsm\u00f6glichkeiten des ohnehin beengten Raums in der Innenstadt kann eine geeignete L\u00f6sung daf\u00fcr sein. Flexibel versenkbare Poller an den Zufahrtsbereichen, barrierefreie Oberfl\u00e4chengestaltung und der Mut, auch Fl\u00e4che f\u00fcr zus\u00e4tzliche Au\u00dfengastronomieangebote zur Verf\u00fcgung zu stellen, w\u00e4ren gute L\u00f6sungen daf\u00fcr.<\/p>\n\n\n\n<p>Lars Schnauber \/ Pressesprecher Freie W\u00e4hler Neuburg<\/p>\n","protected":false},"excerpt":{"rendered":"<p>Wem geh\u00f6rt die Innenstadt? Das ist eine Frage, die sich pauschal nicht beantworten l\u00e4sst. F\u00fcr jeden Neuburger und auch Gast in unserer sch\u00f6nen Stadt bedeutet die Innenstadt etwas ganz Individuelles. Und so sind auch die Interessen, was mit unserer Innenstadt geschieht genauso unterschiedlich wie es Ihre Bewohner und Benutzer nur sein k\u00f6nnen. Umso wichtiger ist &hellip; <\/p>\n<p class=\"link-more\"><a href=\"https:\/\/fwherold.de\/?p=779\" class=\"more-link\"><span class=\"screen-reader-text\">\u201ePresse-Mitteilung zur B\u00fcrgerbefragung\u201c <\/span>weiterlesen<\/a><\/p>\n","protected":false},"author":1,"featured_media":0,"comment_status":"closed","ping_status":"closed","sticky":false,"template":"","format":"standard","meta":{"footnotes":""},"categories":[3,11],"tags":[],"class_list":["post-779","post","type-post","status-publish","format-standard","hentry","category-freie-waehler-neuburg","category-stadtrat"],"_links":{"self":[{"href":"https:\/\/fwherold.de\/index.php?rest_route=\/wp\/v2\/posts\/779","targetHints":{"allow":["GET"]}}],"collection":[{"href":"https:\/\/fwherold.de\/index.php?rest_route=\/wp\/v2\/posts"}],"about":[{"href":"https:\/\/fwherold.de\/index.php?rest_route=\/wp\/v2\/types\/post"}],"author":[{"embeddable":true,"href":"https:\/\/fwherold.de\/index.php?rest_route=\/wp\/v2\/users\/1"}],"replies":[{"embeddable":true,"href":"https:\/\/fwherold.de\/index.php?rest_route=%2Fwp%2Fv2%2Fcomments&post=779"}],"version-history":[{"count":1,"href":"https:\/\/fwherold.de\/index.php?rest_route=\/wp\/v2\/posts\/779\/revisions"}],"predecessor-version":[{"id":780,"href":"https:\/\/fwherold.de\/index.php?rest_route=\/wp\/v2\/posts\/779\/revisions\/780"}],"wp:attachment":[{"href":"https:\/\/fwherold.de\/index.php?rest_route=%2Fwp%2Fv2%2Fmedia&parent=779"}],"wp:term":[{"taxonomy":"category","embeddable":true,"href":"https:\/\/fwherold.de\/index.php?rest_route=%2Fwp%2Fv2%2Fcategories&post=779"},{"taxonomy":"post_tag","embeddable":true,"href":"https:\/\/fwherold.de\/index.php?rest_route=%2Fwp%2Fv2%2Ftags&post=779"}],"curies":[{"name":"wp","href":"https:\/\/api.w.org\/{rel}","templated":true}]}}