{"id":797,"date":"2021-12-21T22:55:41","date_gmt":"2021-12-21T22:55:41","guid":{"rendered":"http:\/\/fwherold.de\/?p=797"},"modified":"2021-12-21T22:58:30","modified_gmt":"2021-12-21T22:58:30","slug":"mehr-an-der-donau-version-2-0","status":"publish","type":"post","link":"https:\/\/fwherold.de\/?p=797","title":{"rendered":"Mehr an der Donau Version 2.0"},"content":{"rendered":"\n<p>Antrag\nan den Oberb\u00fcrgermeister Dr. Bernhard Gmehling und den Stadtrat:<\/p>\n\n\n\n<p><strong>&nbsp;\u201eMehr an der Donau Version 2.0\u201c<\/strong> <\/p>\n\n\n\n<p>Wir\nsammeln die besten Ideen und finden kluge K\u00f6pfe, die diese in die Tat umsetzen!<\/p>\n\n\n\n<p>Von\nStadtrat Florian Herold.<\/p>\n\n\n\n<p>Vor\nmehr als einem Jahr habe ich den Antrag \u201eMehr an der Donau, am Wasser und in\nder Altstadt\u201c gesellt. Es hat sehr lange gedauert bis sich herausgestellt hat,\ndass der Antrag so nicht verifizierbar ist, weil er eine direkte Wirtschaftsf\u00f6rderung\ndarstellt. Ich danke an der Stelle Ralf Rick f\u00fcr die Zusammenarbeit.<\/p>\n\n\n\n<p>Daher\nstelle ich den Antrag jetzt leicht ver\u00e4ndert, in der Hoffnung 2022, mit einem\nJahr Unterschied, mit dem Konzept starten zu k\u00f6nnen.<\/p>\n\n\n\n<p>Der\nAntrag ist mir aus mehreren Gr\u00fcnden pers\u00f6nlich sehr wichtig, er ist gut f\u00fcr den\nTourismus, er w\u00e4re ein Signal gewesen, dass es nach Corona wieder losgeht. Das\ngilt ja nun leider auch f\u00fcr 2022. <\/p>\n\n\n\n<p>Wir\nbinden Neuburger in Neuburgs Geschehen ein, lassen sie mit uns kreativ werden.\nIch habe mich sehr gefreut, dass auch bei der B\u00fcrgersprechstunde \u00fcber\nWettbewerb und B\u00fcrgerbeteiligung gesprochen wurde, vielleicht deckt mein Ansatz\nin einer neuen Variante die alte Idee auch mit ab. <\/p>\n\n\n\n<p>Viele bedeutende St\u00e4dte in Deutschland liegen an Fl\u00fcssen.\nWenn wir diese St\u00e4dte besuchen, bleiben uns immer sch\u00f6ne Flaniermeilen am Fluss\nmit netten Caf\u00e9s, Restaurants oder in den Fluss ragenden B\u00fchnen in Erinnerung.\nViele St\u00e4dte gestalten ihr \u00f6ffentliches und st\u00e4dtisches Leben in Synergie mit\nihrem Fluss. Meiner Meinung nach k\u00f6nnen wir an dieser Stelle aufholen. Ich\nm\u00f6chte Neuburger*innen anregen, die Donau zum Thema zu machen, kreativ zu\nwerden und mit zu gestalten. <\/p>\n\n\n\n<p><strong>Antrag:<\/strong><\/p>\n\n\n\n<p>Hiermit\nbeantrage ich f\u00fcr den Haushalt 2022 ein Volumen von 30.000 \u20ac auszuweisen,\nwelches die Stadt f\u00fcr Projekte zur F\u00f6rderung f\u00fcr \u201eMehr an der Donau\u201c verwenden\nkann. Die Summe war f\u00fcr 2021 schon im Haushalt vorgeplant und wurde nicht\nverwendet.<\/p>\n\n\n\n<p>Wir\nsammeln die besten Ideen und finden kluge K\u00f6pfe, die diese in die Tat umsetzen!<\/p>\n\n\n\n<p><strong>Das Konzept von mehr an der Donau:<\/strong><\/p>\n\n\n\n<p>Schritt 1 \u201eWettbewerb\u201c:<\/p>\n\n\n\n<p>Zum Beginn 2022 schreibt die Stadt einen\nIdeenwettbewerb aus. Dieser ruft auf, Ideen zu sammeln, f\u00fcr \u201eMehr an der Donau\u201c.\nAlle Ideen sammeln wir in der Verwaltung \u00fcber das Kultur- und Tourismusamt.\nEinsendeschluss sollte Ende April 2022 sein. <\/p>\n\n\n\n<p>Alle Ideen d\u00fcrfen und m\u00fcssen folgende Vorrausetzungen\nerf\u00fcllen:<\/p>\n\n\n\n<ol class=\"wp-block-list\"><li>Die\nIdeen drehen sich um ein Projekt um oder an der Donau, in der unteren oder\noberen Altstadt.<\/li><li>Die\nIdeen schaffen einen Mehrwert f\u00fcr unsere Naherholung-, Tourismus-,\nFreizeitgestaltung-, und \/ oder unsere Lebensqualit\u00e4t in Neuburg.<\/li><li>Alle\nIdeen sind mit einer Besch\u00e4ftigung verbunden, bei der eine Person bei ihrer T\u00e4tigkeit\nbezahlt wird.<\/li><li>Der\nIdeengeber, die Ideengeberin soll namentlich genannt sein.<\/li><li>Gef\u00f6rdert\nwerden kann eine Idee mit maximal 20.000 \u20ac. Daher darf der Anteil der Idee\ndiese F\u00f6rdersumme nicht \u00fcberschreiten. Gerne darf er niedriger liegen. Jeder\nAntrag muss eine F\u00f6rdersumme enthalten, ob die volle Summe nachher ausgezahlt\nwerden kann, liegt an der Vorlage der Kosten\u00fcbersicht und ob der Eigenanteil\nmindestens 50% der F\u00f6rdersumme betr\u00e4gt. <\/li><\/ol>\n\n\n\n<p>Info zu 5: Bei der Umsetzung der Idee ist ein Eigenanteil\nvon mindestens 50% mit aufzubringen. Wenn die Idee eine Summe von z.B. 50.000 \u20ac\nben\u00f6tigt, ist der maximale F\u00f6rderanteil 20.000 \u20ac. Wenn Die Idee eine Summe von\n20.000 \u20ac ben\u00f6tigt, ist der maximale F\u00f6rderanteil 10.000 \u20ac. <\/p>\n\n\n\n<ul class=\"wp-block-list\"><li>Die\nIdeen bed\u00fcrfen einer einfachen schriftlichen Darstellung.<\/li><li>Alle\nIdeen, deren Umsetzung gegen \u201eRecht\u201c versto\u00dfen (der Stadt, Bund,\nWasserwirtschaft etc.), scheiden sofort aus.<\/li><li>Als\nweitere Verbildlichung d\u00fcrfen Modelle, Videos und auch alle anderen Darstellungsformen\ngenutzt werden. <\/li><\/ul>\n\n\n\n<p>Schritt 2 \u201eVorauswahl\u201c:<\/p>\n\n\n\n<p>Nach einer Vorsondierung vom Kultur- und Tourismusamt,\nin Zusammenarbeit mit Herrn Rick, welche Ideen die Voraussetzungen erf\u00fcllen,\ngehen die Ideen in die Pr\u00e4sentation im Kultur- und Tourismus &#8211; Ausschuss.<\/p>\n\n\n\n<p>Dort w\u00e4hlt der Ausschuss einige aus, versieht diese\ndann mit einem Anteil der 30.000 \u20ac, wobei eine Idee nicht mehr als 20.000 \u20ac ausweisen\ndarf. Ob es minimal 2 Ideen sind oder 10, obliegt dem Ausschuss. Wenn nur eine\ngute Idee gefunden wurde, f\u00e4llt die Restsumme an ihre Haushaltstelle zur\u00fcck. <\/p>\n\n\n\n<p>Daf\u00fcr schlage ich ein Zeitfenster bis kurz nach der\nSommerpause vor.<\/p>\n\n\n\n<p>Schritt 3 \u201eBewerbung\u201c:<\/p>\n\n\n\n<p>Diese Ideen werden nun in der \u00d6ffentlichkeit\npr\u00e4sentiert und jeder kann sich bewerben, diese Wirklichkeit werden zu lassen. Das\nkann vermutlich ab September 2022 umsetzbar sein. Wir sammeln jetzt bis Ende\nNovember Bewerber*innen f\u00fcr die Ideen. Jeder kann sich dabei bewerben, der die\nBedingungen erf\u00fcllen und die Ideen umsetzen m\u00f6chte. Das darf auch der\nIdeengeber selbst sein. &nbsp;Die Bewerbung\nmuss schriftlich erfolgen und neben der Umsetzung, die Beschreibung der Idee auch\nein Finanzierungkonzept enthalten. Wir nutzen alle m\u00f6glichen Kan\u00e4le, um die\nIdeen in die \u00d6ffentlichkeit zu bringen, um m\u00f6glichst viele Bewerber f\u00fcr die\nUmsetzung zu gewinnen. <\/p>\n\n\n\n<p>Schritt 4 \u201eVergabe\u201c:<\/p>\n\n\n\n<p>Am 07.12.2022 ber\u00e4t der Kultur- und Tourismus &#8211;\nAusschuss \u00fcber die F\u00f6rderung f\u00fcr die Bewerber*innen und vergibt diese dann an\njene, die sie in die Tat umsetzen d\u00fcrfen, um einen Mehrwert f\u00fcr die Stadt zu\nschaffen. <\/p>\n\n\n\n<p>Wenn sich auf eine Idee mehrere Bewerber*innen\nbeworben haben, werden die Bewerber*innen durch die nachfolgenden Kriterien\nbewertet und erhalten damit den Zuschlag. Bei Gleichstand entscheidet der\nAusschuss. Alle Ideengeber*innen erhalten von der Stadt eine Aufmerksamkeit und\ndiejenigen, deren Idee jetzt in die Umsetzung kommt, also die erfolgreichen\nBewerber*innen, werden als G\u00e4ste zu einem der nachfolgenden st\u00e4dtischen Events eingeladen\nund vorgestellt, z.B. Kulturpreisverleihung, Neujahrsempfang etc. <\/p>\n\n\n\n<p><em>Kriterienkatalog f\u00fcr die Bewertung von Bewerber*innen\nf\u00fcr \u201e<strong>M<\/strong><\/em><strong><em>ehr\nan der Donau\u201c <\/em><\/strong><em>bei\nder Vergabe der F\u00f6rdergelder.<\/em><\/p>\n\n\n\n<p><em>Der Katalog wird \u00fcber Punkte vergeben. Bewerber*innen\nmit einem h\u00f6heren Punktewert erhalten die F\u00f6rderung.<\/em><\/p>\n\n\n\n<ol class=\"wp-block-list\"><li><em>Wenn\nalle beteiligten Bewerber*innen Neuburger B\u00fcrger*innen sind, erhalten diese 20\nPunkte.<\/em><\/li><li><em>&nbsp;Wenn die Bewerber*innen die Umsetzung mit\neinem in Neuburg bestehenden Gewerbe oder Verein machen wollen, erhalten diese 10\nPunkte.<\/em><\/li><li><em>Die\nBewerbung enth\u00e4lt ein stimmiges Finanzierungskonzept: 0 bis 30 Punkte.<\/em><\/li><li><em>Die\nBewerbung enth\u00e4lt eine gutes Umsetzungskonzept: 0 bis 30 Punkte. <\/em><\/li><li><em>\u2026\nweitere Ideen habe ich nicht, aber es gibt da sicher Vorlagen, worauf wir noch\nachten sollten.<\/em><\/li><\/ol>\n\n\n\n<p>Schritt 5 \u201eBegleitung\u201c:<\/p>\n\n\n\n<p>Engmaschig begleitet das Tourismusamt die Projekte,\ndie jetzt umgesetzt werden, um den Fortschritt der Idee und die F\u00f6rderung\ntransparent zu machen und auch werbewirksam zu vermitteln. Die F\u00f6rderung wird\nnur gegen Vorlage der Ausgaben ausbezahlt. Die F\u00f6rderung steht nach Vergabe 12\nMonate in Aussicht, danach erlischt der Anspruch auf das Geld. <\/p>\n\n\n\n<p>Schritt 6 \u201eKreislauf\u201c:<\/p>\n\n\n\n<p>Im Jahr 2022 schauen wir, wie erfolgreich <strong>\u201eM<\/strong><strong>ehr an der Donau Version 2.0\u201c <\/strong>ist. Der Stadtrat kann im\nSommer 2022 nach den ersten sichtbaren Ergebnissen \u00fcber eine Wiederholung im\nzweij\u00e4hrigen Turnus beraten und die Idee als festen Bestandteil f\u00fcr die Neuburger\nEntwicklung etablieren. Dabei k\u00f6nnte bei jedem Wettbewerb das Thema ge\u00e4ndert\nwerden und andere Schwerpunkte gesetzt werden, oder sogar mehrere laufen. Der\nn\u00e4chste k\u00f6nnte sein, \u201eMobilit\u00e4t in Neuburg\u201c, \u201eKultur\u201c, \u201eLokal &amp; Regional\u201c\nusw. Mir ist pers\u00f6nlich der Aspekt der Arbeitsplatzgewinnung sehr wichtig. <\/p>\n\n\n\n<p>Diese\nFrage h\u00f6re ich, wenn ich die Idee vorstelle:<\/p>\n\n\n\n<p>Warum\nsollten sich Menschen auf Idee bewerben?<\/p>\n\n\n\n<ul class=\"wp-block-list\"><li>Werbewirksam\ndurch Aufmerksamkeit f\u00fcr die Idee<\/li><li>Eigene\nIdeen in den Wettbewerb stellen und sehen, ob die Idee tragf\u00e4hig ist<\/li><li>Finanzieller\nAnreiz, der das eigene Risiko verringert <\/li><li>Weil\nsie sich f\u00fcr Neuburg begeistern und sich einbringen m\u00f6chten<\/li><li>Weil\nsie von der Idee inspiriert werden<\/li><\/ul>\n\n\n\n<p>Ich\nbin ich mir sicher, dass Ideen eingereicht werden. Ich\nhoffe, ich konnte meine Pl\u00e4ne gut darstellen und w\u00fcrde mich freuen, wenn diese\nWirklichkeit wird. Da geht aber sicher noch \u201eMehr an der Donau\u201c!<\/p>\n","protected":false},"excerpt":{"rendered":"<p>Antrag an den Oberb\u00fcrgermeister Dr. Bernhard Gmehling und den Stadtrat: &nbsp;\u201eMehr an der Donau Version 2.0\u201c Wir sammeln die besten Ideen und finden kluge K\u00f6pfe, die diese in die Tat umsetzen! Von Stadtrat Florian Herold. Vor mehr als einem Jahr habe ich den Antrag \u201eMehr an der Donau, am Wasser und in der Altstadt\u201c gesellt. &hellip; <\/p>\n<p class=\"link-more\"><a href=\"https:\/\/fwherold.de\/?p=797\" class=\"more-link\"><span class=\"screen-reader-text\">\u201eMehr an der Donau Version 2.0\u201c <\/span>weiterlesen<\/a><\/p>\n","protected":false},"author":1,"featured_media":801,"comment_status":"closed","ping_status":"closed","sticky":false,"template":"","format":"standard","meta":{"footnotes":""},"categories":[11],"tags":[],"class_list":["post-797","post","type-post","status-publish","format-standard","has-post-thumbnail","hentry","category-stadtrat"],"_links":{"self":[{"href":"https:\/\/fwherold.de\/index.php?rest_route=\/wp\/v2\/posts\/797","targetHints":{"allow":["GET"]}}],"collection":[{"href":"https:\/\/fwherold.de\/index.php?rest_route=\/wp\/v2\/posts"}],"about":[{"href":"https:\/\/fwherold.de\/index.php?rest_route=\/wp\/v2\/types\/post"}],"author":[{"embeddable":true,"href":"https:\/\/fwherold.de\/index.php?rest_route=\/wp\/v2\/users\/1"}],"replies":[{"embeddable":true,"href":"https:\/\/fwherold.de\/index.php?rest_route=%2Fwp%2Fv2%2Fcomments&post=797"}],"version-history":[{"count":2,"href":"https:\/\/fwherold.de\/index.php?rest_route=\/wp\/v2\/posts\/797\/revisions"}],"predecessor-version":[{"id":802,"href":"https:\/\/fwherold.de\/index.php?rest_route=\/wp\/v2\/posts\/797\/revisions\/802"}],"wp:featuredmedia":[{"embeddable":true,"href":"https:\/\/fwherold.de\/index.php?rest_route=\/wp\/v2\/media\/801"}],"wp:attachment":[{"href":"https:\/\/fwherold.de\/index.php?rest_route=%2Fwp%2Fv2%2Fmedia&parent=797"}],"wp:term":[{"taxonomy":"category","embeddable":true,"href":"https:\/\/fwherold.de\/index.php?rest_route=%2Fwp%2Fv2%2Fcategories&post=797"},{"taxonomy":"post_tag","embeddable":true,"href":"https:\/\/fwherold.de\/index.php?rest_route=%2Fwp%2Fv2%2Ftags&post=797"}],"curies":[{"name":"wp","href":"https:\/\/api.w.org\/{rel}","templated":true}]}}