{"id":88,"date":"2019-05-28T20:48:35","date_gmt":"2019-05-28T20:48:35","guid":{"rendered":"http:\/\/fwherold.de\/?p=88"},"modified":"2026-02-02T13:22:15","modified_gmt":"2026-02-02T13:22:15","slug":"mein-fazit-zur-europawahl","status":"publish","type":"post","link":"https:\/\/fwherold.de\/?p=88","title":{"rendered":"mein Fazit zur Europawahl"},"content":{"rendered":"\n<p>Europa ist wichtig! Die Ber\u00fchrungspunkte sind vielf\u00e4ltig.<\/p>\n\n\n\n<ul class=\"wp-block-list\">\n<li>Der Euro<\/li>\n\n\n\n<li>die regionale Markensicherung<\/li>\n\n\n\n<li>keine Kosmetik mit Tierversuchen<\/li>\n\n\n\n<li>Feinstaubrichtlinien<\/li>\n\n\n\n<li>Zollfreiheit in der EU<\/li>\n\n\n\n<li>Lebensmittel-Standards<\/li>\n\n\n\n<li>Mutterschutzregelung europaweit<\/li>\n\n\n\n<li>kein Roaming mehr<\/li>\n\n\n\n<li>zwei Jahre Garantie auf Produkte<\/li>\n\n\n\n<li>F\u00f6rdert\u00f6pfe und viel mehr<\/li>\n<\/ul>\n\n\n\n<p>Das kann man gut finden oder auch nicht, aber unstrittig\nist, Europa und die dort getroffenen Entscheidungen sind in unserem Alltag\nangekommen!<\/p>\n\n\n\n<p>Es freut mich, dass wir im Landkreis mit einer Wahlbeteiligung\nvon 55,5 % dabei sind. Es freut mich, dass Europa wichtiger wird und seinen\nPlatz in der Gesellschaft findet. Dass die Freien W\u00e4hler bei uns im Landkreis\n9,5% der Stimmen erzielen konnten finde ich prima. Ich sage Danke f\u00fcr alle\nStimmen!<\/p>\n\n\n\n<p>Es zeigt, dass die Akzeptanz f\u00fcr \u00fcberregionale politische T\u00e4tigkeit der FW steigt. Wir waren aber nicht in der Lage, unsere m\u00f6gliche W\u00e4hlerschaft zu mobilisieren, wie wir es mit Roland Weigert bei der Landtagswahl oder Peter von der Gr\u00fcn bei der Landratswahl zeigen konnten. F\u00fcr uns Freie W\u00e4hler steht immer die Person im Vordergrund. Da wir bei der Europawahl keine direkte Pers\u00f6nlichkeitswahl mit jemanden aus unserem Landkreis hatten, konnten wir hier nicht mehr \u00fcberzeugen.<\/p>\n\n\n\n<p>Die Verluste der SPD sind f\u00fcr das politische Gef\u00fcge ein harter Schlag. Andreas Fischer und Werner Widukel haben in den beiden letzten Wahlk\u00e4mpfen mit guten Inhalten gepunktet, aber trotzdem durch den Bundestrend an Fundament verloren. Dass sich dieses nun fortsetzt finde ich bedauerlich. Ich gratuliere den Gr\u00fcnen zu Ihrem Erfolg, Karola weiter so! Die St\u00e4rke der CSU bei uns im Landkreis ist bei \u00fcberregionalen Wahlen eine Bank, da muss ich vor MDL Matthias Enghuber den Hut ziehen, er h\u00e4lt das Gef\u00fcge der CSU zusammen. <\/p>\n\n\n\n<p>Ich w\u00fcnsche besonders Ulrike M\u00fcller eine erfolgreiche Arbeit\nim Europaparlament. Du hast uns in der letzten Periode gut vertreten, jetzt\nseid Ihr zu zweit. Klasse, dass wir bundesweit zugelegt haben auf 2,2%. <\/p>\n\n\n<div class=\"wp-block-image\">\n<figure class=\"aligncenter is-resized\"><img loading=\"lazy\" decoding=\"async\" width=\"800\" height=\"458\" src=\"https:\/\/fwherold.de\/wp-content\/uploads\/2019\/05\/Ulrike-Europa-2019.jpg\" alt=\"\" class=\"wp-image-89\" style=\"width:492px;height:281px\" srcset=\"https:\/\/fwherold.de\/wp-content\/uploads\/2019\/05\/Ulrike-Europa-2019.jpg 800w, https:\/\/fwherold.de\/wp-content\/uploads\/2019\/05\/Ulrike-Europa-2019-768x440.jpg 768w\" sizes=\"auto, (max-width: 767px) 89vw, (max-width: 1000px) 54vw, (max-width: 1071px) 543px, 580px\" \/><\/figure>\n<\/div>\n\n\n<p>Nach so vielen Wahlen ist jetzt bis M\u00e4rz 2020 erst einmal Ruhe. Lasst uns aufmerksam sehen, wie die Fraktionen Ihre Arbeit aufnehmen. Europa sollte uns allen ein Anliegen sein!<\/p>\n","protected":false},"excerpt":{"rendered":"<p>Europa ist wichtig! Die Ber\u00fchrungspunkte sind vielf\u00e4ltig. Das kann man gut finden oder auch nicht, aber unstrittig ist, Europa und die dort getroffenen Entscheidungen sind in unserem Alltag angekommen! Es freut mich, dass wir im Landkreis mit einer Wahlbeteiligung von 55,5 % dabei sind. Es freut mich, dass Europa wichtiger wird und seinen Platz in &hellip; <\/p>\n<p class=\"link-more\"><a href=\"https:\/\/fwherold.de\/?p=88\" class=\"more-link\"><span class=\"screen-reader-text\">\u201emein Fazit zur Europawahl\u201c <\/span>weiterlesen<\/a><\/p>\n","protected":false},"author":1,"featured_media":0,"comment_status":"closed","ping_status":"closed","sticky":false,"template":"","format":"standard","meta":{"footnotes":""},"categories":[6],"tags":[],"class_list":["post-88","post","type-post","status-publish","format-standard","hentry","category-freie-waehler-und-mehr"],"_links":{"self":[{"href":"https:\/\/fwherold.de\/index.php?rest_route=\/wp\/v2\/posts\/88","targetHints":{"allow":["GET"]}}],"collection":[{"href":"https:\/\/fwherold.de\/index.php?rest_route=\/wp\/v2\/posts"}],"about":[{"href":"https:\/\/fwherold.de\/index.php?rest_route=\/wp\/v2\/types\/post"}],"author":[{"embeddable":true,"href":"https:\/\/fwherold.de\/index.php?rest_route=\/wp\/v2\/users\/1"}],"replies":[{"embeddable":true,"href":"https:\/\/fwherold.de\/index.php?rest_route=%2Fwp%2Fv2%2Fcomments&post=88"}],"version-history":[{"count":3,"href":"https:\/\/fwherold.de\/index.php?rest_route=\/wp\/v2\/posts\/88\/revisions"}],"predecessor-version":[{"id":1566,"href":"https:\/\/fwherold.de\/index.php?rest_route=\/wp\/v2\/posts\/88\/revisions\/1566"}],"wp:attachment":[{"href":"https:\/\/fwherold.de\/index.php?rest_route=%2Fwp%2Fv2%2Fmedia&parent=88"}],"wp:term":[{"taxonomy":"category","embeddable":true,"href":"https:\/\/fwherold.de\/index.php?rest_route=%2Fwp%2Fv2%2Fcategories&post=88"},{"taxonomy":"post_tag","embeddable":true,"href":"https:\/\/fwherold.de\/index.php?rest_route=%2Fwp%2Fv2%2Ftags&post=88"}],"curies":[{"name":"wp","href":"https:\/\/api.w.org\/{rel}","templated":true}]}}